{"id":44951,"date":"2017-04-26T11:40:47","date_gmt":"2017-04-26T11:40:47","guid":{"rendered":"https:\/\/chisinaucentru.md\/?p=44951"},"modified":"2017-05-01T11:41:18","modified_gmt":"2017-05-01T11:41:18","slug":"27-aprilie-ziua-drapelului-de-stat","status":"publish","type":"post","link":"https:\/\/chisinaucentru.md\/en\/27-aprilie-ziua-drapelului-de-stat\/","title":{"rendered":"27 aprilie: Ziua Drapelului de Stat"},"content":{"rendered":"<div class=\"vc_row wpb_row vc_row-fluid dt-default\" style=\"margin-top: 0px;margin-bottom: 0px\"><div class=\"wpb_column vc_column_container vc_col-sm-12\"><div class=\"vc_column-inner\"><div class=\"wpb_wrapper\">\n\t<div class=\"wpb_text_column wpb_content_element\" >\n\t\t<div class=\"wpb_wrapper\">\n\t\t\t<p>In leg\u0103tur\u0103 cu marcarea, la 27 aprilie, a <em><strong>Zilei Drapelului de Stat<\/strong><\/em>, solicit\u0103m tuturor conduc\u0103torilor de institu\u0163ii, organiza\u0163ii, \u00eentreprinderi, unit\u0103\u0163i de comer\u0163 etc. s\u0103 asigure, c\u0103tre aceast\u0103 zi, arborarea Drapelului de Stat pe cl\u0103dirile, edificiile care le apar\u0163in. De asemenea, \u00eendemn\u0103m locuitorii Chi\u015fin\u0103ului s\u0103 arboreze tricolorul, la 27 aprilie, \u00een preajma sau pe locuin\u0163a sa.<\/p>\n<p>Amintim c\u0103 S\u0103rb\u0103toarea Drapelului de Stat a fost instituit\u0103 de Parlamentul Republicii Moldova, la 23 aprilie 2010. Oficial, tricolorul a fost desemnat drapel de stat pe 27 aprilie 1990, de c\u0103tre deputa\u021bii primului Legislativ.<\/p>\n\n\t\t<\/div>\n\t<\/div>\n<\/div><\/div><\/div><\/div>","protected":false},"excerpt":{"rendered":"<p>In leg\u0103tur\u0103 cu marcarea, la 27 aprilie, a Zilei Drapelului de Stat, solicit\u0103m tuturor conduc\u0103torilor de institu\u0163ii, organiza\u0163ii, \u00eentreprinderi, unit\u0103\u0163i de comer\u0163 etc. s\u0103 asigure, c\u0103tre aceast\u0103 zi, arborarea Drapelului de Stat pe cl\u0103dirile, edificiile care le apar\u0163in. De asemenea, \u00eendemn\u0103m locuitorii Chi\u015fin\u0103ului s\u0103 arboreze tricolorul, la 27 aprilie, \u00een preajma sau pe locuin\u0163a sa.&hellip;<\/p>","protected":false},"author":3,"featured_media":44952,"comment_status":"open","ping_status":"open","sticky":false,"template":"","format":"standard","meta":[],"categories":[244],"tags":[],"acf":[],"_links":{"self":[{"href":"https:\/\/chisinaucentru.md\/en\/wp-json\/wp\/v2\/posts\/44951"}],"collection":[{"href":"https:\/\/chisinaucentru.md\/en\/wp-json\/wp\/v2\/posts"}],"about":[{"href":"https:\/\/chisinaucentru.md\/en\/wp-json\/wp\/v2\/types\/post"}],"author":[{"embeddable":true,"href":"https:\/\/chisinaucentru.md\/en\/wp-json\/wp\/v2\/users\/3"}],"replies":[{"embeddable":true,"href":"https:\/\/chisinaucentru.md\/en\/wp-json\/wp\/v2\/comments?post=44951"}],"version-history":[{"count":0,"href":"https:\/\/chisinaucentru.md\/en\/wp-json\/wp\/v2\/posts\/44951\/revisions"}],"wp:featuredmedia":[{"embeddable":true,"href":"https:\/\/chisinaucentru.md\/en\/wp-json\/wp\/v2\/media\/44952"}],"wp:attachment":[{"href":"https:\/\/chisinaucentru.md\/en\/wp-json\/wp\/v2\/media?parent=44951"}],"wp:term":[{"taxonomy":"category","embeddable":true,"href":"https:\/\/chisinaucentru.md\/en\/wp-json\/wp\/v2\/categories?post=44951"},{"taxonomy":"post_tag","embeddable":true,"href":"https:\/\/chisinaucentru.md\/en\/wp-json\/wp\/v2\/tags?post=44951"}],"curies":[{"name":"wp","href":"https:\/\/api.w.org\/{rel}","templated":true}]}}