{"id":102212,"date":"2026-09-03T19:25:52","date_gmt":"2026-09-03T16:25:52","guid":{"rendered":"https:\/\/chisinaucentru.md\/?p=102212"},"modified":"2026-09-03T19:34:01","modified_gmt":"2026-09-03T16:34:01","slug":"functionarii-preturii-sectorului-centru-isi-consolideaza-competentele-in-domeniul-managementului-proiectelor","status":"publish","type":"post","link":"https:\/\/chisinaucentru.md\/en\/functionarii-preturii-sectorului-centru-isi-consolideaza-competentele-in-domeniul-managementului-proiectelor\/","title":{"rendered":"Func\u021bionarii Preturii sectorului Centru \u00ee\u0219i consolideaz\u0103 competen\u021bele \u00een domeniul managementului proiectelor"},"content":{"rendered":"<div class=\"vc_row wpb_row vc_row-fluid dt-default\" style=\"margin-top: 0px;margin-bottom: 0px\"><div class=\"wpb_column vc_column_container vc_col-sm-12\"><div class=\"vc_column-inner\"><div class=\"wpb_wrapper\">\n\t<div class=\"wpb_text_column wpb_content_element\" >\n\t\t<div class=\"wpb_wrapper\">\n\t\t\t<p class=\"western\" lang=\"en-GB\" align=\"justify\"><span style=\"font-family: Times New Roman, serif;\"><span style=\"font-size: large;\">Ast\u0103zi, \u00een incinta Preturii sectorului Centru, a demarat cursul de instruire \u201eManagementul proiectelor\u201d, destinat func\u021bionarilor publici din cadrul institu\u021biei. La sesiune, al\u0103turi de angaja\u021bii Preturii, au participat \u0219i reprezentan\u021bi ai Direc\u021biei Generale Locativ-Comunale \u0219i Amenajare.<\/span><\/span><\/p>\n<p class=\"western\" lang=\"en-GB\" align=\"justify\"><span style=\"font-family: Times New Roman, serif;\"><span style=\"font-size: large;\">Pe parcursul lunii septembrie, sesiunile de instruire se vor desf\u0103\u0219ura s\u0103pt\u0103m\u00e2nal \u0219i vor aborda aspecte esen\u021biale ale managementului proiectelor, iar la final, participan\u021bii vor sus\u021bine testare pe subiectele studiate.<\/span><\/span><\/p>\n<p class=\"western\" lang=\"en-GB\" align=\"justify\"><span style=\"font-family: Times New Roman, serif;\"><span style=\"font-size: large;\">Programul pune accent pe dezvoltarea cuno\u0219tin\u021belor \u0219i abilit\u0103\u021bilor practice necesare pentru gestionarea eficient\u0103 a proceselor proiectului, aplicarea instrumentelor de planificare \u0219i consolidarea capacit\u0103\u021bii de lucru \u00een echip\u0103, gestiunea financiar\u0103, precum \u0219i monitorizarea, evaluarea \u0219i raportarea rezultatelor.<\/span><\/span><\/p>\n<p class=\"western\" lang=\"en-GB\" align=\"justify\"><span style=\"font-family: Times New Roman, serif;\"><span style=\"font-size: large;\">Prima sesiune a integrat metode practice de lucru \u00een echip\u0103 \u0219i s-a \u00eencheiat cu o rund\u0103 de concluzii, \u00eentreb\u0103ri \u0219i r\u0103spunsuri, oferind participan\u021bilor oportunitatea de a clarifica subiectele abordate \u0219i de a face schimb de experien\u021b\u0103.<\/span><\/span><\/p>\n<p class=\"western\" lang=\"en-GB\" align=\"justify\"><span style=\"font-family: Times New Roman, serif;\"><span style=\"font-size: large;\">Dezvoltarea continu\u0103 a competen\u021belor func\u021bionarilor publici din cadrul structurilor municipale \u0219i sporirea capacit\u0103\u021bii administra\u021biei publice locale de a ini\u021bia \u0219i implementa proiecte de dezvoltare \u00een beneficiul comunit\u0103\u021bii, r\u0103m\u00e2ne o prioritate. <\/span><\/span><\/p>\n\n\t\t<\/div>\n\t<\/div>\n\n<div class=\"vc_grid-container-wrapper vc_clearfix vc_grid-animation-fadeIn\">\n\t<div class=\"vc_grid-container vc_clearfix wpb_content_element vc_media_grid\" data-initial-loading-animation=\"fadeIn\" data-vc-grid-settings=\"{&quot;page_id&quot;:102212,&quot;style&quot;:&quot;all&quot;,&quot;action&quot;:&quot;vc_get_vc_grid_data&quot;,&quot;shortcode_id&quot;:&quot;1788452871880-9a9dc9bc-ba4b-3&quot;,&quot;tag&quot;:&quot;vc_media_grid&quot;}\" data-vc-request=\"https:\/\/chisinaucentru.md\/wp-admin\/admin-ajax.php\" data-vc-post-id=\"102212\" data-vc-public-nonce=\"b4ca4f5085\">\n\t\t\n\t<\/div>\n<\/div><\/div><\/div><\/div><\/div>","protected":false},"excerpt":{"rendered":"<p>Ast\u0103zi, \u00een incinta Preturii sectorului Centru, a demarat cursul de instruire \u201eManagementul proiectelor\u201d, destinat func\u021bionarilor publici din cadrul institu\u021biei. La sesiune, al\u0103turi de angaja\u021bii Preturii, au participat \u0219i reprezentan\u021bi ai Direc\u021biei Generale Locativ-Comunale \u0219i Amenajare. Pe parcursul lunii septembrie, sesiunile de instruire se vor desf\u0103\u0219ura s\u0103pt\u0103m\u00e2nal \u0219i vor aborda aspecte esen\u021biale ale managementului proiectelor, iar&hellip;<\/p>","protected":false},"author":1,"featured_media":102217,"comment_status":"open","ping_status":"open","sticky":false,"template":"","format":"standard","meta":[],"categories":[244],"tags":[],"acf":[],"_links":{"self":[{"href":"https:\/\/chisinaucentru.md\/en\/wp-json\/wp\/v2\/posts\/102212"}],"collection":[{"href":"https:\/\/chisinaucentru.md\/en\/wp-json\/wp\/v2\/posts"}],"about":[{"href":"https:\/\/chisinaucentru.md\/en\/wp-json\/wp\/v2\/types\/post"}],"author":[{"embeddable":true,"href":"https:\/\/chisinaucentru.md\/en\/wp-json\/wp\/v2\/users\/1"}],"replies":[{"embeddable":true,"href":"https:\/\/chisinaucentru.md\/en\/wp-json\/wp\/v2\/comments?post=102212"}],"version-history":[{"count":3,"href":"https:\/\/chisinaucentru.md\/en\/wp-json\/wp\/v2\/posts\/102212\/revisions"}],"predecessor-version":[{"id":102238,"href":"https:\/\/chisinaucentru.md\/en\/wp-json\/wp\/v2\/posts\/102212\/revisions\/102238"}],"wp:featuredmedia":[{"embeddable":true,"href":"https:\/\/chisinaucentru.md\/en\/wp-json\/wp\/v2\/media\/102217"}],"wp:attachment":[{"href":"https:\/\/chisinaucentru.md\/en\/wp-json\/wp\/v2\/media?parent=102212"}],"wp:term":[{"taxonomy":"category","embeddable":true,"href":"https:\/\/chisinaucentru.md\/en\/wp-json\/wp\/v2\/categories?post=102212"},{"taxonomy":"post_tag","embeddable":true,"href":"https:\/\/chisinaucentru.md\/en\/wp-json\/wp\/v2\/tags?post=102212"}],"curies":[{"name":"wp","href":"https:\/\/api.w.org\/{rel}","templated":true}]}}