{"id":102180,"date":"2026-09-02T19:16:29","date_gmt":"2026-09-02T16:16:29","guid":{"rendered":"https:\/\/chisinaucentru.md\/?p=102180"},"modified":"2026-09-03T19:24:45","modified_gmt":"2026-09-03T16:24:45","slug":"primaria-municipiului-chisinau-invita-locuitorii-si-oaspetii-capitalei-la-concertul-aniversar-dedicat-maestrului-constantin-rusnac","status":"publish","type":"post","link":"https:\/\/chisinaucentru.md\/en\/primaria-municipiului-chisinau-invita-locuitorii-si-oaspetii-capitalei-la-concertul-aniversar-dedicat-maestrului-constantin-rusnac\/","title":{"rendered":"Prim\u0103ria Municipiului Chi\u0219in\u0103u invit\u0103 locuitorii \u0219i oaspe\u021bii Capitalei la concertul aniversar dedicat maestrului Constantin Rusnac"},"content":{"rendered":"<div class=\"vc_row wpb_row vc_row-fluid dt-default\" style=\"margin-top: 0px;margin-bottom: 0px\"><div class=\"wpb_column vc_column_container vc_col-sm-12\"><div class=\"vc_column-inner\"><div class=\"wpb_wrapper\">\n\t<div class=\"wpb_text_column wpb_content_element\" >\n\t\t<div class=\"wpb_wrapper\">\n\t\t\t<p class=\"western\" lang=\"en-GB\" align=\"justify\"><span style=\"font-family: Times New Roman, serif;\"><span style=\"font-size: large;\">Evenimentul va avea loc pe 6 septembrie, \u00eencep\u00e2nd cu ora 18:00, la Teatrul Verde. Intrarea este liber\u0103.<\/span><\/span><\/p>\n<p class=\"western\" lang=\"en-GB\" align=\"justify\"><span style=\"font-family: Times New Roman, serif;\"><span style=\"font-size: large;\">Concertul va aduce pe aceea\u0219i scen\u0103 nume cunoscute ale muzicii autohtone, al\u0103turi de Orchestra Simfonic\u0103 Na\u021bional\u0103 a \u201eTeleradio-Moldova\u201d, sub bagheta prim-dirijorului Gheorghe Mustea, \u0219i Capela Coral\u0103 \u201eMoldova\u201d, dirijat\u0103 de Gabriela Tocari.<\/span><\/span><\/p>\n<p class=\"western\" lang=\"en-GB\" align=\"justify\"><span style=\"font-family: Times New Roman, serif;\"><span style=\"font-size: large;\">Evenimentul este dedicat activit\u0103\u021bii \u0219i crea\u021biei maestrului Constantin Rusnac, compozitor, muzicolog \u0219i personalitate marcant\u0103 a culturii na\u021bionale. Publicul va avea ocazia s\u0103 asculte crea\u021bii interpretate de arti\u0219ti din diferite genera\u021bii, \u00eentr-un program aniversar conceput pentru a pune \u00een valoare mo\u0219tenirea sa artistic\u0103.<\/span><\/span><\/p>\n<p class=\"western\" lang=\"en-GB\" align=\"justify\"><span style=\"font-family: Times New Roman, serif;\"><span style=\"font-size: large;\">Invita\u021bi speciali:<\/span><\/span><\/p>\n<p class=\"western\" lang=\"en-GB\" align=\"justify\"><span style=\"font-family: Times New Roman, serif;\"><span style=\"font-size: large;\">Natalia Tanasiiciuc, Lidia Botezatu, Cristina Scarlat, Aliona Triboi, Taisia Caraman, Sergiu Garabajii, Veronica Ro\u0219ca, Silvia Goncear, Gicu Cimbir, Lenu\u021ba Burghil\u0103, C\u0103t\u0103lin Josan, Natalia Proca, Tatiana Costiuc, Dan Melnic, Ruxanda G\u00eelc\u0103, Mihaela Rotaru, Ilia Rusnac, Vasile Bucea, Igor Podgoreanu \u0219i Alexandr Candja.<\/span><\/span><\/p>\n<p class=\"western\" lang=\"en-GB\" align=\"justify\"><span style=\"font-family: Times New Roman, serif;\"><span style=\"font-size: large;\">Al\u0103turi de arti\u0219tii invita\u021bi, Orchestra Simfonic\u0103 Na\u021bional\u0103 a \u201eTeleradio-Moldova\u201d \u0219i Capela Coral\u0103 \u201eMoldova\u201d vor interpreta lucr\u0103ri din crea\u021bia lui Constantin Rusnac, \u00eentr-un program care va reuni muzica orchestral\u0103, coral\u0103 \u0219i vocal\u0103.<\/span><\/span><\/p>\n<ul>\n<li>\n<p lang=\"en-GB\" align=\"justify\"><span style=\"font-family: Times New Roman, serif;\"><span style=\"font-size: large;\">Teatrul Verde<\/span><\/span><\/p>\n<\/li>\n<li>\n<p lang=\"en-GB\" align=\"justify\"><span style=\"font-family: Times New Roman, serif;\"><span style=\"font-size: large;\">Duminic\u0103, 6 septembrie<\/span><\/span><\/p>\n<\/li>\n<li>\n<p lang=\"en-GB\" align=\"justify\"><span style=\"font-family: Times New Roman, serif;\"><span style=\"font-size: large;\">Ora 18:00<\/span><\/span><\/p>\n<\/li>\n<li>\n<p lang=\"en-GB\" align=\"justify\"><span style=\"font-family: Times New Roman, serif;\"><span style=\"font-size: large;\">Intrarea este liber\u0103<\/span><\/span><\/p>\n<\/li>\n<\/ul>\n<p class=\"western\" lang=\"en-GB\" align=\"justify\"><span style=\"font-family: Times New Roman, serif;\"><span style=\"font-size: large;\">V\u0103 invit\u0103m s\u0103 fi\u021bi parte a unei seri dedicate muzicii \u0219i crea\u021biei maestrului Constantin Rusnac.<\/span><\/span><\/p>\n<p class=\"western\" lang=\"en-GB\">\n\n\t\t<\/div>\n\t<\/div>\n\n<div class=\"vc_grid-container-wrapper vc_clearfix vc_grid-animation-fadeIn\">\n\t<div class=\"vc_grid-container vc_clearfix wpb_content_element vc_media_grid\" data-initial-loading-animation=\"fadeIn\" data-vc-grid-settings=\"{&quot;page_id&quot;:102180,&quot;style&quot;:&quot;all&quot;,&quot;action&quot;:&quot;vc_get_vc_grid_data&quot;,&quot;shortcode_id&quot;:&quot;1788452660436-7f52c4cd-7f3b-0&quot;,&quot;tag&quot;:&quot;vc_media_grid&quot;}\" data-vc-request=\"https:\/\/chisinaucentru.md\/wp-admin\/admin-ajax.php\" data-vc-post-id=\"102180\" data-vc-public-nonce=\"b0d9fd5a27\">\n\t\t\n\t<\/div>\n<\/div><\/div><\/div><\/div><\/div>","protected":false},"excerpt":{"rendered":"<p>Evenimentul va avea loc pe 6 septembrie, \u00eencep\u00e2nd cu ora 18:00, la Teatrul Verde. Intrarea este liber\u0103. Concertul va aduce pe aceea\u0219i scen\u0103 nume cunoscute ale muzicii autohtone, al\u0103turi de Orchestra Simfonic\u0103 Na\u021bional\u0103 a \u201eTeleradio-Moldova\u201d, sub bagheta prim-dirijorului Gheorghe Mustea, \u0219i Capela Coral\u0103 \u201eMoldova\u201d, dirijat\u0103 de Gabriela Tocari. Evenimentul este dedicat activit\u0103\u021bii \u0219i crea\u021biei maestrului&hellip;<\/p>","protected":false},"author":1,"featured_media":102187,"comment_status":"open","ping_status":"open","sticky":false,"template":"","format":"standard","meta":[],"categories":[244],"tags":[],"acf":[],"_links":{"self":[{"href":"https:\/\/chisinaucentru.md\/en\/wp-json\/wp\/v2\/posts\/102180"}],"collection":[{"href":"https:\/\/chisinaucentru.md\/en\/wp-json\/wp\/v2\/posts"}],"about":[{"href":"https:\/\/chisinaucentru.md\/en\/wp-json\/wp\/v2\/types\/post"}],"author":[{"embeddable":true,"href":"https:\/\/chisinaucentru.md\/en\/wp-json\/wp\/v2\/users\/1"}],"replies":[{"embeddable":true,"href":"https:\/\/chisinaucentru.md\/en\/wp-json\/wp\/v2\/comments?post=102180"}],"version-history":[{"count":2,"href":"https:\/\/chisinaucentru.md\/en\/wp-json\/wp\/v2\/posts\/102180\/revisions"}],"predecessor-version":[{"id":102207,"href":"https:\/\/chisinaucentru.md\/en\/wp-json\/wp\/v2\/posts\/102180\/revisions\/102207"}],"wp:featuredmedia":[{"embeddable":true,"href":"https:\/\/chisinaucentru.md\/en\/wp-json\/wp\/v2\/media\/102187"}],"wp:attachment":[{"href":"https:\/\/chisinaucentru.md\/en\/wp-json\/wp\/v2\/media?parent=102180"}],"wp:term":[{"taxonomy":"category","embeddable":true,"href":"https:\/\/chisinaucentru.md\/en\/wp-json\/wp\/v2\/categories?post=102180"},{"taxonomy":"post_tag","embeddable":true,"href":"https:\/\/chisinaucentru.md\/en\/wp-json\/wp\/v2\/tags?post=102180"}],"curies":[{"name":"wp","href":"https:\/\/api.w.org\/{rel}","templated":true}]}}