{"id":102179,"date":"2026-09-01T19:16:28","date_gmt":"2026-09-01T16:16:28","guid":{"rendered":"https:\/\/chisinaucentru.md\/?p=102179"},"modified":"2026-09-03T19:27:18","modified_gmt":"2026-09-03T16:27:18","slug":"astazi-in-toate-institutiile-de-invatamant-din-sectorul-centru-a-rasunat-clopotelul-marcand-inceputul-unui-nou-an-scolar","status":"publish","type":"post","link":"https:\/\/chisinaucentru.md\/en\/astazi-in-toate-institutiile-de-invatamant-din-sectorul-centru-a-rasunat-clopotelul-marcand-inceputul-unui-nou-an-scolar\/","title":{"rendered":"Ast\u0103zi, \u00een toate institu\u021biile de \u00eenv\u0103\u021b\u0103m\u00e2nt din sectorul Centru a r\u0103sunat clopo\u021belul, marc\u00e2nd \u00eenceputul unui nou an \u0219colar"},"content":{"rendered":"<div class=\"vc_row wpb_row vc_row-fluid dt-default\" style=\"margin-top: 0px;margin-bottom: 0px\"><div class=\"wpb_column vc_column_container vc_col-sm-12\"><div class=\"vc_column-inner\"><div class=\"wpb_wrapper\">\n\t<div class=\"wpb_text_column wpb_content_element\" >\n\t\t<div class=\"wpb_wrapper\">\n\t\t\t<p class=\"western\" lang=\"en-GB\" align=\"justify\"><span style=\"font-family: Times New Roman, serif;\"><span style=\"font-size: large;\">Cu prilejul s\u0103rb\u0103torii Primului Sunet, func\u021bionarii Preturii sectorului Centru au fost al\u0103turi de elevi, cadre didactice \u0219i p\u0103rin\u021bi, transmi\u021b\u00e2nd mesajul de felicitare al Primarului General al municipiului Chi\u0219in\u0103u, Ion Ceban.<\/span><\/span><\/p>\n<p class=\"western\" lang=\"en-GB\" align=\"justify\"><span style=\"font-family: Times New Roman, serif;\"><span style=\"font-size: large;\">\u0218coala r\u0103m\u00e2ne spa\u021biul decisiv al form\u0103rii, locul \u00een care se cultiv\u0103 cunoa\u0219terea, valorile, responsabilitatea \u0219i aspira\u021biile pentru viitor. Pretura sectorului Centru le dore\u0219te elevilor un an de studii bogat \u00een realiz\u0103ri, iar cadrelor didactice-putere, inspira\u021bie \u0219i performan\u021be pe m\u0103sura d\u0103ruirii.<\/span><\/span><\/p>\n<p class=\"western\" lang=\"en-GB\" align=\"justify\"><span style=\"font-family: Times New Roman, serif;\"><span style=\"font-size: large;\">Un an \u0219colar cu succes \u0219i \u00eempliniri tuturor!<\/span><\/span><\/p>\n\n\t\t<\/div>\n\t<\/div>\n\n<div class=\"vc_grid-container-wrapper vc_clearfix vc_grid-animation-fadeIn\">\n\t<div class=\"vc_grid-container vc_clearfix wpb_content_element vc_media_grid\" data-initial-loading-animation=\"fadeIn\" data-vc-grid-settings=\"{&quot;page_id&quot;:102179,&quot;style&quot;:&quot;all&quot;,&quot;action&quot;:&quot;vc_get_vc_grid_data&quot;,&quot;shortcode_id&quot;:&quot;1788452613178-14999908-127a-9&quot;,&quot;tag&quot;:&quot;vc_media_grid&quot;}\" data-vc-request=\"https:\/\/chisinaucentru.md\/wp-admin\/admin-ajax.php\" data-vc-post-id=\"102179\" data-vc-public-nonce=\"b4ca4f5085\">\n\t\t\n\t<\/div>\n<\/div><\/div><\/div><\/div><\/div>","protected":false},"excerpt":{"rendered":"<p>Cu prilejul s\u0103rb\u0103torii Primului Sunet, func\u021bionarii Preturii sectorului Centru au fost al\u0103turi de elevi, cadre didactice \u0219i p\u0103rin\u021bi, transmi\u021b\u00e2nd mesajul de felicitare al Primarului General al municipiului Chi\u0219in\u0103u, Ion Ceban. \u0218coala r\u0103m\u00e2ne spa\u021biul decisiv al form\u0103rii, locul \u00een care se cultiv\u0103 cunoa\u0219terea, valorile, responsabilitatea \u0219i aspira\u021biile pentru viitor. Pretura sectorului Centru le dore\u0219te elevilor un&hellip;<\/p>","protected":false},"author":1,"featured_media":102185,"comment_status":"open","ping_status":"open","sticky":false,"template":"","format":"standard","meta":[],"categories":[244],"tags":[],"acf":[],"_links":{"self":[{"href":"https:\/\/chisinaucentru.md\/en\/wp-json\/wp\/v2\/posts\/102179"}],"collection":[{"href":"https:\/\/chisinaucentru.md\/en\/wp-json\/wp\/v2\/posts"}],"about":[{"href":"https:\/\/chisinaucentru.md\/en\/wp-json\/wp\/v2\/types\/post"}],"author":[{"embeddable":true,"href":"https:\/\/chisinaucentru.md\/en\/wp-json\/wp\/v2\/users\/1"}],"replies":[{"embeddable":true,"href":"https:\/\/chisinaucentru.md\/en\/wp-json\/wp\/v2\/comments?post=102179"}],"version-history":[{"count":2,"href":"https:\/\/chisinaucentru.md\/en\/wp-json\/wp\/v2\/posts\/102179\/revisions"}],"predecessor-version":[{"id":102215,"href":"https:\/\/chisinaucentru.md\/en\/wp-json\/wp\/v2\/posts\/102179\/revisions\/102215"}],"wp:featuredmedia":[{"embeddable":true,"href":"https:\/\/chisinaucentru.md\/en\/wp-json\/wp\/v2\/media\/102185"}],"wp:attachment":[{"href":"https:\/\/chisinaucentru.md\/en\/wp-json\/wp\/v2\/media?parent=102179"}],"wp:term":[{"taxonomy":"category","embeddable":true,"href":"https:\/\/chisinaucentru.md\/en\/wp-json\/wp\/v2\/categories?post=102179"},{"taxonomy":"post_tag","embeddable":true,"href":"https:\/\/chisinaucentru.md\/en\/wp-json\/wp\/v2\/tags?post=102179"}],"curies":[{"name":"wp","href":"https:\/\/api.w.org\/{rel}","templated":true}]}}