{"id":102178,"date":"2026-08-31T19:16:27","date_gmt":"2026-08-31T16:16:27","guid":{"rendered":"https:\/\/chisinaucentru.md\/?p=102178"},"modified":"2026-09-03T19:22:58","modified_gmt":"2026-09-03T16:22:58","slug":"omagiu-limbii-romane","status":"publish","type":"post","link":"https:\/\/chisinaucentru.md\/en\/omagiu-limbii-romane\/","title":{"rendered":"Omagiu Limbii Rom\u00e2ne"},"content":{"rendered":"<div class=\"vc_row wpb_row vc_row-fluid dt-default\" style=\"margin-top: 0px;margin-bottom: 0px\"><div class=\"wpb_column vc_column_container vc_col-sm-12\"><div class=\"vc_column-inner\"><div class=\"wpb_wrapper\">\n\t<div class=\"wpb_text_column wpb_content_element\" >\n\t\t<div class=\"wpb_wrapper\">\n\t\t\t<p class=\"western\" lang=\"en-GB\" align=\"justify\"><span style=\"font-family: Times New Roman, serif;\"><span style=\"font-size: large;\">Pretura sectorului Centru a adus ast\u0103zi, 31 August, un omagiu S\u0103rb\u0103torii Na\u021bionale \u201eLimba Rom\u00e2n\u0103\u201d, prin tradi\u021bionala depunere de flori la monumentul Luceaf\u0103rului literaturii noastre din scuarul \u201eMihai Eminescu\u201d, precum \u0219i la bustul poetului Mihai Eminescu de pe Aleea Clasicilor Literaturii Rom\u00e2ne din Gr\u0103dina Public\u0103 \u201e\u0218tefan cel Mare \u0219i Sf\u00e2nt\u201d.<\/span><\/span><\/p>\n<p class=\"western\" lang=\"en-GB\" align=\"justify\"><span style=\"font-family: Times New Roman, serif;\"><span style=\"font-size: large;\">Pentru a marca semnifica\u021bia acestei zile \u0219i pentru a onora principalul \u00eensemn al apartenen\u021bei la un popor, la un neam, la eveniment a participat Pretorul sectorului Centru, Vadim H\u00eencu, al\u0103turi de colegii din cadrul Preturii, reprezentan\u021bi ai Prim\u0103riei municipiului Chi\u0219in\u0103u \u0219i ai subdiviziunilor municipale.<\/span><\/span><\/p>\n<p class=\"western\" lang=\"en-GB\" align=\"justify\"><span style=\"font-family: Times New Roman, serif;\"><span style=\"font-size: large;\">Evocarea momentelor de respect \u0219i recuno\u0219tin\u021b\u0103 pentru marele poet al neamului Mihai Eminescu, cel care a \u00eennobilat graiul rom\u00e2nesc prin testamentul s\u0103u literar, au fost \u00eencununate de depunerea de flori.<\/span><\/span><\/p>\n<p class=\"western\" lang=\"en-GB\" align=\"justify\"><span style=\"font-family: Times New Roman, serif;\"><span style=\"font-size: large;\">Florile, t\u0103cute m\u0103rturii ale recuno\u0219tin\u021bei noastre, au fost a\u0219ezate cu pietate la temelia nemuririi sale. <\/span><\/span><\/p>\n\n\t\t<\/div>\n\t<\/div>\n\n<div class=\"vc_grid-container-wrapper vc_clearfix vc_grid-animation-fadeIn\">\n\t<div class=\"vc_grid-container vc_clearfix wpb_content_element vc_media_grid\" data-initial-loading-animation=\"fadeIn\" data-vc-grid-settings=\"{&quot;page_id&quot;:102178,&quot;style&quot;:&quot;all&quot;,&quot;action&quot;:&quot;vc_get_vc_grid_data&quot;,&quot;shortcode_id&quot;:&quot;1788452535475-6186a59b-7381-2&quot;,&quot;tag&quot;:&quot;vc_media_grid&quot;}\" data-vc-request=\"https:\/\/chisinaucentru.md\/wp-admin\/admin-ajax.php\" data-vc-post-id=\"102178\" data-vc-public-nonce=\"b4ca4f5085\">\n\t\t\n\t<\/div>\n<\/div><\/div><\/div><\/div><\/div>","protected":false},"excerpt":{"rendered":"<p>Pretura sectorului Centru a adus ast\u0103zi, 31 August, un omagiu S\u0103rb\u0103torii Na\u021bionale \u201eLimba Rom\u00e2n\u0103\u201d, prin tradi\u021bionala depunere de flori la monumentul Luceaf\u0103rului literaturii noastre din scuarul \u201eMihai Eminescu\u201d, precum \u0219i la bustul poetului Mihai Eminescu de pe Aleea Clasicilor Literaturii Rom\u00e2ne din Gr\u0103dina Public\u0103 \u201e\u0218tefan cel Mare \u0219i Sf\u00e2nt\u201d. Pentru a marca semnifica\u021bia acestei zile&hellip;<\/p>","protected":false},"author":1,"featured_media":102183,"comment_status":"open","ping_status":"open","sticky":false,"template":"","format":"standard","meta":[],"categories":[244],"tags":[],"acf":[],"_links":{"self":[{"href":"https:\/\/chisinaucentru.md\/en\/wp-json\/wp\/v2\/posts\/102178"}],"collection":[{"href":"https:\/\/chisinaucentru.md\/en\/wp-json\/wp\/v2\/posts"}],"about":[{"href":"https:\/\/chisinaucentru.md\/en\/wp-json\/wp\/v2\/types\/post"}],"author":[{"embeddable":true,"href":"https:\/\/chisinaucentru.md\/en\/wp-json\/wp\/v2\/users\/1"}],"replies":[{"embeddable":true,"href":"https:\/\/chisinaucentru.md\/en\/wp-json\/wp\/v2\/comments?post=102178"}],"version-history":[{"count":2,"href":"https:\/\/chisinaucentru.md\/en\/wp-json\/wp\/v2\/posts\/102178\/revisions"}],"predecessor-version":[{"id":102200,"href":"https:\/\/chisinaucentru.md\/en\/wp-json\/wp\/v2\/posts\/102178\/revisions\/102200"}],"wp:featuredmedia":[{"embeddable":true,"href":"https:\/\/chisinaucentru.md\/en\/wp-json\/wp\/v2\/media\/102183"}],"wp:attachment":[{"href":"https:\/\/chisinaucentru.md\/en\/wp-json\/wp\/v2\/media?parent=102178"}],"wp:term":[{"taxonomy":"category","embeddable":true,"href":"https:\/\/chisinaucentru.md\/en\/wp-json\/wp\/v2\/categories?post=102178"},{"taxonomy":"post_tag","embeddable":true,"href":"https:\/\/chisinaucentru.md\/en\/wp-json\/wp\/v2\/tags?post=102178"}],"curies":[{"name":"wp","href":"https:\/\/api.w.org\/{rel}","templated":true}]}}