{"id":102177,"date":"2026-08-30T19:16:26","date_gmt":"2026-08-30T16:16:26","guid":{"rendered":"https:\/\/chisinaucentru.md\/?p=102177"},"modified":"2026-09-03T19:21:33","modified_gmt":"2026-09-03T16:21:33","slug":"pe-31-august-va-invitam-un-spectacol-literar-muzical-dedicat-zilei-limbii-romane","status":"publish","type":"post","link":"https:\/\/chisinaucentru.md\/en\/pe-31-august-va-invitam-un-spectacol-literar-muzical-dedicat-zilei-limbii-romane\/","title":{"rendered":"Pe 31 august v\u0103 invit\u0103m un spectacol literar-muzical dedicat Zilei Limbii Rom\u00e2ne"},"content":{"rendered":"<div class=\"vc_row wpb_row vc_row-fluid dt-default\" style=\"margin-top: 0px;margin-bottom: 0px\"><div class=\"wpb_column vc_column_container vc_col-sm-12\"><div class=\"vc_column-inner\"><div class=\"wpb_wrapper\">\n\t<div class=\"wpb_text_column wpb_content_element\" >\n\t\t<div class=\"wpb_wrapper\">\n\t\t\t<p class=\"western\" lang=\"en-GB\" align=\"justify\"><span style=\"font-family: Times New Roman, serif;\"><span style=\"font-size: large;\">Pe 31 august, ora 19:00, Prim\u0103ria Municipiului Chi\u0219in\u0103u v\u0103 invit\u0103 pe strada pietonal\u0103 \u201eEugen Doga\u201d la un spectacol literar-muzical dedicat Zilei Limbii Rom\u00e2ne.<\/span><\/span><\/p>\n<p class=\"western\" lang=\"en-GB\" align=\"justify\"><span style=\"font-family: Times New Roman, serif;\"><span style=\"font-size: large;\">Invita\u021bi speciali: Orchestra Simfonic\u0103, sub bagheta dirijorului Dumitru C\u00e2rciumaru, Capela Coral\u0103 Academic\u0103 \u201eDoina\u201d, prim-dirijor Ilona Stepan, al\u0103turi de: Mariana Bulicanu, Cristofor Aldea-Teodorovici, Natalia Barbu, C\u0103t\u0103lin Josan, Valeria Pronina, Brio Sonores \u0219i mul\u021bi al\u021bi arti\u0219ti \u00eendr\u0103gi\u021bi. <\/span><\/span><\/p>\n<p class=\"western\" lang=\"en-GB\" align=\"justify\"><span style=\"font-family: Times New Roman, serif;\"><span style=\"font-size: large;\">Publicul va putea descoperi crea\u021biile me\u0219terilor populari, produse autohtone \u0219i o varietate de bucate tradi\u021bionale. <\/span><\/span><\/p>\n<p class=\"western\" lang=\"en-GB\" align=\"justify\"><span style=\"font-family: Times New Roman, serif;\"><span style=\"font-size: large;\">31 august. <\/span><\/span><\/p>\n<p class=\"western\" lang=\"en-GB\" align=\"justify\"><span style=\"font-family: Times New Roman, serif;\"><span style=\"font-size: large;\">Ora 19:00. <\/span><\/span><\/p>\n<p class=\"western\" lang=\"en-GB\" align=\"justify\"><span style=\"font-family: Times New Roman, serif;\"><span style=\"font-size: large;\">Strada pietonal\u0103 \u201eEugen Doga\u201d.<\/span><\/span><\/p>\n<p class=\"western\" lang=\"en-GB\" align=\"justify\"><span style=\"font-family: Times New Roman, serif;\"><span style=\"font-size: large;\">Vino s\u0103 celebr\u0103m cu demnitate \u0219i m\u00e2ndrie ceea ce ne une\u0219te. <\/span><\/span><\/p>\n\n\t\t<\/div>\n\t<\/div>\n<\/div><\/div><\/div><\/div>","protected":false},"excerpt":{"rendered":"<p>Pe 31 august, ora 19:00, Prim\u0103ria Municipiului Chi\u0219in\u0103u v\u0103 invit\u0103 pe strada pietonal\u0103 \u201eEugen Doga\u201d la un spectacol literar-muzical dedicat Zilei Limbii Rom\u00e2ne. Invita\u021bi speciali: Orchestra Simfonic\u0103, sub bagheta dirijorului Dumitru C\u00e2rciumaru, Capela Coral\u0103 Academic\u0103 \u201eDoina\u201d, prim-dirijor Ilona Stepan, al\u0103turi de: Mariana Bulicanu, Cristofor Aldea-Teodorovici, Natalia Barbu, C\u0103t\u0103lin Josan, Valeria Pronina, Brio Sonores \u0219i mul\u021bi&hellip;<\/p>","protected":false},"author":1,"featured_media":102181,"comment_status":"open","ping_status":"open","sticky":false,"template":"","format":"standard","meta":[],"categories":[244],"tags":[],"acf":[],"_links":{"self":[{"href":"https:\/\/chisinaucentru.md\/en\/wp-json\/wp\/v2\/posts\/102177"}],"collection":[{"href":"https:\/\/chisinaucentru.md\/en\/wp-json\/wp\/v2\/posts"}],"about":[{"href":"https:\/\/chisinaucentru.md\/en\/wp-json\/wp\/v2\/types\/post"}],"author":[{"embeddable":true,"href":"https:\/\/chisinaucentru.md\/en\/wp-json\/wp\/v2\/users\/1"}],"replies":[{"embeddable":true,"href":"https:\/\/chisinaucentru.md\/en\/wp-json\/wp\/v2\/comments?post=102177"}],"version-history":[{"count":2,"href":"https:\/\/chisinaucentru.md\/en\/wp-json\/wp\/v2\/posts\/102177\/revisions"}],"predecessor-version":[{"id":102189,"href":"https:\/\/chisinaucentru.md\/en\/wp-json\/wp\/v2\/posts\/102177\/revisions\/102189"}],"wp:featuredmedia":[{"embeddable":true,"href":"https:\/\/chisinaucentru.md\/en\/wp-json\/wp\/v2\/media\/102181"}],"wp:attachment":[{"href":"https:\/\/chisinaucentru.md\/en\/wp-json\/wp\/v2\/media?parent=102177"}],"wp:term":[{"taxonomy":"category","embeddable":true,"href":"https:\/\/chisinaucentru.md\/en\/wp-json\/wp\/v2\/categories?post=102177"},{"taxonomy":"post_tag","embeddable":true,"href":"https:\/\/chisinaucentru.md\/en\/wp-json\/wp\/v2\/tags?post=102177"}],"curies":[{"name":"wp","href":"https:\/\/api.w.org\/{rel}","templated":true}]}}