{"id":102153,"date":"2026-08-29T19:00:15","date_gmt":"2026-08-29T16:00:15","guid":{"rendered":"https:\/\/chisinaucentru.md\/?p=102153"},"modified":"2026-09-03T19:06:45","modified_gmt":"2026-09-03T16:06:45","slug":"amenajarea-parcarii-pe-strada-miorita","status":"publish","type":"post","link":"https:\/\/chisinaucentru.md\/en\/amenajarea-parcarii-pe-strada-miorita\/","title":{"rendered":"Amenajarea parc\u0103rii pe strada Miori\u021ba"},"content":{"rendered":"<div class=\"vc_row wpb_row vc_row-fluid dt-default\" style=\"margin-top: 0px;margin-bottom: 0px\"><div class=\"wpb_column vc_column_container vc_col-sm-12\"><div class=\"vc_column-inner\"><div class=\"wpb_wrapper\">\n\t<div class=\"wpb_text_column wpb_content_element\" >\n\t\t<div class=\"wpb_wrapper\">\n\t\t\t<p class=\"western\" lang=\"en-GB\" align=\"justify\"><span style=\"font-family: Times New Roman, serif;\"><span style=\"font-size: large;\">O nou\u0103 parcare public\u0103 este amenajat\u0103 pe strada Miori\u021ba, \u00een cartierul Telecentru, care va oferi aproximativ 70 de locuri de parcare, contribuind la organizarea mai eficient\u0103 a terenului municipal din zon\u0103.<\/span><\/span><\/p>\n<p class=\"western\" lang=\"en-GB\" align=\"justify\"><span style=\"font-family: Times New Roman, serif;\"><span style=\"font-size: large;\">La fa\u021ba locului, unde lucr\u0103rile de reabilitare a terenului public \u0219i a\u0219ternere a pavajului sunt \u00een plin\u0103 desf\u0103\u0219urare, s-au aflat Pretorul sectorului Centru Vadim H\u00eencu \u0219i Consilierul municipal Marian Buc\u0103taru.<\/span><\/span><\/p>\n<p class=\"western\" lang=\"en-GB\" align=\"justify\"><span style=\"font-family: Times New Roman, serif;\"><span style=\"font-size: large;\">_____<\/span><\/span><\/p>\n<p class=\"western\" lang=\"en-GB\" align=\"justify\"><span style=\"font-family: Times New Roman, serif;\"><span style=\"font-size: large;\">Amenajarea parc\u0103rii la strada Miori\u021ba vine ca o continuitate la modernizarea infrastructurii urbane din acea zon\u0103. <\/span><\/span><\/p>\n<p class=\"western\" lang=\"en-GB\" align=\"justify\"><span style=\"font-family: Times New Roman, serif;\"><span style=\"font-size: large;\">\u00cen imediata apropiere se afl\u0103 scuarul Miori\u021ba, reabilitat integral, iar trotuarele de pe partea impar\u0103 a str\u0103zii Miori\u021ba au fost deja amenajate. Totodat\u0103, sunt \u00een plin\u0103 desf\u0103\u0219urare lucr\u0103rile de reabilitare a trotuarelor de pe strada Gheorghe Asachi, ce se intersecteaz\u0103 cu strada Miori\u021ba.<\/span><\/span><\/p>\n<p class=\"western\" lang=\"en-GB\" align=\"justify\"><span style=\"font-family: Times New Roman, serif;\"><span style=\"font-size: large;\">O interven\u021bie similar\u0103 a fost realizat\u0103 \u0219i la strada Grenoble 106\u2013108, la intersec\u021bia cu strada Miori\u021ba, unde au fost amenajate o parcare \u0219i un scuar, complet\u00e2nd astfel seria interven\u021biilor din acest perimetru.<\/span><\/span><\/p>\n<p class=\"western\" lang=\"en-GB\" align=\"justify\"><span style=\"font-family: Times New Roman, serif;\"><span style=\"font-size: large;\">Modernizarea unui cartier presupune o abordare integrat\u0103, \u00een care parc\u0103rile, trotuarele, spa\u021biile verzi \u0219i zonele pietonale sunt amenajate \u00eentr-o concep\u021bie unitar\u0103, astfel \u00eenc\u00e2t infrastructura urban\u0103 s\u0103 ofere at\u00e2t func\u021bionalitate, c\u00e2t \u0219i dezvoltare \u00eentregii zone.<\/span><\/span><\/p>\n<p class=\"western\" lang=\"en-GB\" align=\"justify\"><span style=\"font-family: Times New Roman, serif;\"><span style=\"font-size: large;\">Proiectele realizate \u00een acest cartier sunt implementate de Prim\u0103ria municipiului Chi\u0219in\u0103u \u0219i Pretura sectorului Centru, \u00een vederea \u00eembun\u0103t\u0103\u021birii infrastructurii \u0219i a condi\u021biilor urbane pentru locuitorii sectorului<\/span><\/span><\/p>\n\n\t\t<\/div>\n\t<\/div>\n\n<div class=\"vc_grid-container-wrapper vc_clearfix vc_grid-animation-fadeIn\">\n\t<div class=\"vc_grid-container vc_clearfix wpb_content_element vc_media_grid\" data-initial-loading-animation=\"fadeIn\" data-vc-grid-settings=\"{&quot;page_id&quot;:102153,&quot;style&quot;:&quot;all&quot;,&quot;action&quot;:&quot;vc_get_vc_grid_data&quot;,&quot;shortcode_id&quot;:&quot;1788451277540-7e3c9f6a-7af5-1&quot;,&quot;tag&quot;:&quot;vc_media_grid&quot;}\" data-vc-request=\"https:\/\/chisinaucentru.md\/wp-admin\/admin-ajax.php\" data-vc-post-id=\"102153\" data-vc-public-nonce=\"b4ca4f5085\">\n\t\t\n\t<\/div>\n<\/div><\/div><\/div><\/div><\/div>","protected":false},"excerpt":{"rendered":"<p>O nou\u0103 parcare public\u0103 este amenajat\u0103 pe strada Miori\u021ba, \u00een cartierul Telecentru, care va oferi aproximativ 70 de locuri de parcare, contribuind la organizarea mai eficient\u0103 a terenului municipal din zon\u0103. La fa\u021ba locului, unde lucr\u0103rile de reabilitare a terenului public \u0219i a\u0219ternere a pavajului sunt \u00een plin\u0103 desf\u0103\u0219urare, s-au aflat Pretorul sectorului Centru Vadim&hellip;<\/p>","protected":false},"author":1,"featured_media":102155,"comment_status":"open","ping_status":"open","sticky":false,"template":"","format":"standard","meta":[],"categories":[244],"tags":[],"acf":[],"_links":{"self":[{"href":"https:\/\/chisinaucentru.md\/en\/wp-json\/wp\/v2\/posts\/102153"}],"collection":[{"href":"https:\/\/chisinaucentru.md\/en\/wp-json\/wp\/v2\/posts"}],"about":[{"href":"https:\/\/chisinaucentru.md\/en\/wp-json\/wp\/v2\/types\/post"}],"author":[{"embeddable":true,"href":"https:\/\/chisinaucentru.md\/en\/wp-json\/wp\/v2\/users\/1"}],"replies":[{"embeddable":true,"href":"https:\/\/chisinaucentru.md\/en\/wp-json\/wp\/v2\/comments?post=102153"}],"version-history":[{"count":3,"href":"https:\/\/chisinaucentru.md\/en\/wp-json\/wp\/v2\/posts\/102153\/revisions"}],"predecessor-version":[{"id":102175,"href":"https:\/\/chisinaucentru.md\/en\/wp-json\/wp\/v2\/posts\/102153\/revisions\/102175"}],"wp:featuredmedia":[{"embeddable":true,"href":"https:\/\/chisinaucentru.md\/en\/wp-json\/wp\/v2\/media\/102155"}],"wp:attachment":[{"href":"https:\/\/chisinaucentru.md\/en\/wp-json\/wp\/v2\/media?parent=102153"}],"wp:term":[{"taxonomy":"category","embeddable":true,"href":"https:\/\/chisinaucentru.md\/en\/wp-json\/wp\/v2\/categories?post=102153"},{"taxonomy":"post_tag","embeddable":true,"href":"https:\/\/chisinaucentru.md\/en\/wp-json\/wp\/v2\/tags?post=102153"}],"curies":[{"name":"wp","href":"https:\/\/api.w.org\/{rel}","templated":true}]}}