{"id":100682,"date":"2026-05-29T13:00:59","date_gmt":"2026-05-29T10:00:59","guid":{"rendered":"https:\/\/chisinaucentru.md\/?p=100682"},"modified":"2026-06-04T13:03:24","modified_gmt":"2026-06-04T10:03:24","slug":"pretorul-sectorului-centru-a-participat-la-festivitatea-de-incheiere-a-anului-scolar-2025-2026-la-liceul-teoretic-gheorghe-asachi","status":"publish","type":"post","link":"https:\/\/chisinaucentru.md\/en\/pretorul-sectorului-centru-a-participat-la-festivitatea-de-incheiere-a-anului-scolar-2025-2026-la-liceul-teoretic-gheorghe-asachi\/","title":{"rendered":"Pretorul sectorului Centru a participat la festivitatea de \u00eencheiere a anului \u0219colar 2025-2026, la Liceul Teoretic \u201dGheorghe Asachi\u201d"},"content":{"rendered":"<div class=\"vc_row wpb_row vc_row-fluid dt-default\" style=\"margin-top: 0px;margin-bottom: 0px\"><div class=\"wpb_column vc_column_container vc_col-sm-12\"><div class=\"vc_column-inner\"><div class=\"wpb_wrapper\">\n\t<div class=\"wpb_text_column wpb_content_element\" >\n\t\t<div class=\"wpb_wrapper\">\n\t\t\t<p><span style=\"color: #050505;\"><span style=\"font-family: Times New Roman, serif;\"><span style=\"font-size: large;\"><span lang=\"ro-RO\">Vadim H\u00eencu, Pretorul sectorului Centru, a participat ast\u0103zi, 29 mai, la festivitatea solemn\u0103 dedicat\u0103 \u00eencheierii anului \u0219colar 2025-2026, la Liceul Teoretic \u201dGheorghe Asachi\u201d din sectorul Centru.<br \/>\n<\/span><\/span><\/span><\/span><\/p>\n<p><span style=\"color: #050505;\"><span style=\"font-family: Times New Roman, serif;\"><span style=\"font-size: large;\"><span lang=\"ro-RO\">\u00cen mesajul s\u0103u adresat elevilor, profesorilor \u0219i p\u0103rin\u021bilor, Pretorul i-a felicitat cu ocazia sf\u00e2r\u0219itului de an \u0219colar \u0219i \u00eenceputul vacan\u021bei de var\u0103, iar absolven\u021bilor le-a dorit succese \u00een sesiunea de examen.<br \/>\n<\/span><\/span><\/span><\/span><\/p>\n<p><span style=\"color: #050505;\"><span style=\"font-family: Times New Roman, serif;\"><span style=\"font-size: large;\"><span lang=\"ro-RO\">\u201dVreau s\u0103 v\u0103 felicit pe to\u021bi pentru efortul depus \u00een acest an \u0219i pentru reu\u0219itele pe care le-a\u021bi ob\u021binut. \u0218coala este, \u00een primul r\u00e2nd, o investi\u021bie \u00een viitor. Cu c\u00e2t mai temeinic\u0103 este \u00eenv\u0103\u021barea \u0219i preg\u0103tirea voastr\u0103 academic\u0103, cu at\u00e2t mai u\u0219or ve\u021bi reu\u0219i mai t\u00e2rziu s\u0103 v\u0103 integra\u021bi \u0219i s\u0103 aduce\u021bi valoare societ\u0103\u021bii\u201d a men\u021bionat Pretorul sectorului Centru, Vadim H\u00eencu.<br \/>\n<\/span><\/span><\/span><\/span><\/p>\n<p><span style=\"color: #050505;\"><span style=\"font-family: Times New Roman, serif;\"><span style=\"font-size: large;\"><span lang=\"ro-RO\">De asemenea, Pretorul a transmis comunit\u0103\u021bii \u0219colii mesajul de felicitare al Primarului General al municipiului Chi\u0219in\u0103u, Ion Ceban.<br \/>\n<\/span><\/span><\/span><\/span><\/p>\n<p><span style=\"color: #050505;\"><span style=\"font-family: Times New Roman, serif;\"><span style=\"font-size: large;\"><span lang=\"ro-RO\">Careul solemn a constituit un prilej de bucurie \u0219i recuno\u0219tin\u021b\u0103 pentru rezultatele ob\u021binute pe parcursul anului \u0219colar, dar \u0219i un moment de \u00eencurajare pentru elevi \u00een drumul lor spre noi performan\u021be \u0219i realiz\u0103ri.<br \/>\n<\/span><\/span><\/span><\/span><\/p>\n\n\t\t<\/div>\n\t<\/div>\n<\/div><\/div><\/div><\/div><div class=\"vc_row wpb_row vc_row-fluid dt-default\" style=\"margin-top: 0px;margin-bottom: 0px\"><div class=\"wpb_column vc_column_container vc_col-sm-12\"><div class=\"vc_column-inner\"><div class=\"wpb_wrapper\">\n<div class=\"vc_grid-container-wrapper vc_clearfix vc_grid-animation-fadeIn\">\n\t<div class=\"vc_grid-container vc_clearfix wpb_content_element vc_media_grid\" data-initial-loading-animation=\"fadeIn\" data-vc-grid-settings=\"{&quot;page_id&quot;:100682,&quot;style&quot;:&quot;all&quot;,&quot;action&quot;:&quot;vc_get_vc_grid_data&quot;,&quot;shortcode_id&quot;:&quot;1780567354522-24ac806e872e5895a23479eeb9fdd6ae-6&quot;,&quot;tag&quot;:&quot;vc_media_grid&quot;}\" data-vc-request=\"https:\/\/chisinaucentru.md\/wp-admin\/admin-ajax.php\" data-vc-post-id=\"100682\" data-vc-public-nonce=\"b7e9f1e002\">\n\t\t\n\t<\/div>\n<\/div><\/div><\/div><\/div><\/div>","protected":false},"excerpt":{"rendered":"<p>Vadim H\u00eencu, Pretorul sectorului Centru, a participat ast\u0103zi, 29 mai, la festivitatea solemn\u0103 dedicat\u0103 \u00eencheierii anului \u0219colar 2025-2026, la Liceul Teoretic \u201dGheorghe Asachi\u201d din sectorul Centru. \u00cen mesajul s\u0103u adresat elevilor, profesorilor \u0219i p\u0103rin\u021bilor, Pretorul i-a felicitat cu ocazia sf\u00e2r\u0219itului de an \u0219colar \u0219i \u00eenceputul vacan\u021bei de var\u0103, iar absolven\u021bilor le-a dorit succese \u00een sesiunea&hellip;<\/p>","protected":false},"author":1,"featured_media":100685,"comment_status":"open","ping_status":"open","sticky":false,"template":"","format":"standard","meta":[],"categories":[244],"tags":[],"acf":[],"_links":{"self":[{"href":"https:\/\/chisinaucentru.md\/en\/wp-json\/wp\/v2\/posts\/100682"}],"collection":[{"href":"https:\/\/chisinaucentru.md\/en\/wp-json\/wp\/v2\/posts"}],"about":[{"href":"https:\/\/chisinaucentru.md\/en\/wp-json\/wp\/v2\/types\/post"}],"author":[{"embeddable":true,"href":"https:\/\/chisinaucentru.md\/en\/wp-json\/wp\/v2\/users\/1"}],"replies":[{"embeddable":true,"href":"https:\/\/chisinaucentru.md\/en\/wp-json\/wp\/v2\/comments?post=100682"}],"version-history":[{"count":3,"href":"https:\/\/chisinaucentru.md\/en\/wp-json\/wp\/v2\/posts\/100682\/revisions"}],"predecessor-version":[{"id":100690,"href":"https:\/\/chisinaucentru.md\/en\/wp-json\/wp\/v2\/posts\/100682\/revisions\/100690"}],"wp:featuredmedia":[{"embeddable":true,"href":"https:\/\/chisinaucentru.md\/en\/wp-json\/wp\/v2\/media\/100685"}],"wp:attachment":[{"href":"https:\/\/chisinaucentru.md\/en\/wp-json\/wp\/v2\/media?parent=100682"}],"wp:term":[{"taxonomy":"category","embeddable":true,"href":"https:\/\/chisinaucentru.md\/en\/wp-json\/wp\/v2\/categories?post=100682"},{"taxonomy":"post_tag","embeddable":true,"href":"https:\/\/chisinaucentru.md\/en\/wp-json\/wp\/v2\/tags?post=100682"}],"curies":[{"name":"wp","href":"https:\/\/api.w.org\/{rel}","templated":true}]}}