{"id":100249,"date":"2026-04-23T09:25:57","date_gmt":"2026-04-23T06:25:57","guid":{"rendered":"https:\/\/chisinaucentru.md\/?p=100249"},"modified":"2026-04-27T09:30:24","modified_gmt":"2026-04-27T06:30:24","slug":"competitia-de-minifotbal-a-inceput","status":"publish","type":"post","link":"https:\/\/chisinaucentru.md\/en\/competitia-de-minifotbal-a-inceput\/","title":{"rendered":"Competi\u021bia de minifotbal a \u00eenceput!"},"content":{"rendered":"<div class=\"vc_row wpb_row vc_row-fluid dt-default\" style=\"margin-top: 0px;margin-bottom: 0px\"><div class=\"wpb_column vc_column_container vc_col-sm-12\"><div class=\"vc_column-inner\"><div class=\"wpb_wrapper\">\n\t<div class=\"wpb_text_column wpb_content_element\" >\n\t\t<div class=\"wpb_wrapper\">\n\t\t\t<p><span style=\"color: #050505;\"><span style=\"font-family: Times New Roman, serif;\"><span style=\"font-size: large;\"><span lang=\"ro-RO\">Ast\u0103zi, pe terenul de sport al Liceului Teoretic \u201eMihai Viteazul\u201d, se desf\u0103\u0219oar\u0103 etapa de sector a competi\u021biei sportive organizate de Pretura sectorului Centru, reunind elevi pasiona\u021bi de fotbal din institu\u021biile de \u00eenv\u0103\u021b\u0103m\u00e2nt din sector.<br \/>\n<\/span><\/span><\/span><\/span><\/p>\n<p><span style=\"color: #050505;\"><span style=\"font-family: Times New Roman, serif;\"><span style=\"font-size: large;\"><span lang=\"ro-RO\">\u00cen debutul competi\u021biei, Pretorul sectorului Centru, Vadim H\u00eencu, a salutat cele 7 echipe participante, \u00eendemn\u00e2ndu-le s\u0103 joace cu determinare \u0219i s\u0103 se bucure din plin de energia \u0219i dimanismul sportului rege-fotbalul.<br \/>\n<\/span><\/span><\/span><\/span><\/p>\n<p><span style=\"color: #050505;\"><span style=\"font-family: Times New Roman, serif;\"><span style=\"font-size: large;\"><span lang=\"ro-RO\">La competi\u021bie sunt \u00eenscrise institu\u021biile de \u00eenv\u0103\u021b\u0103m\u00e2nt din sector: Liceul Teoretic \u201eMihai Viteazul\u201d, Liceul Teoretic \u201eMinerva\u201d, Liceul Teoretic \u201eTitu Maiorescu\u201d, Liceul Teoretic \u201eVasile Lupu\u201d, Liceul Teoretic \u201eAc. Constantin Sibirski\u201d, Liceul Teoretic \u201eUniversul\u201d \u0219i Liceul Teoretic \u201eGheorghe Asachi\u201d.<br \/>\n<\/span><\/span><\/span><\/span><\/p>\n<p><span style=\"color: #050505;\"><span style=\"font-family: Times New Roman, serif;\"><span style=\"font-size: large;\"><span lang=\"ro-RO\">Fiecare echip\u0103 va fi premiat\u0103 cu cupe, medalii \u0219i diplome din partea Preturii sectorului Centru, iar c\u00e2\u0219tig\u0103torii locurilor de frunte se vor califica \u00een finala Campionatului republican de minifotbal \u201eGugu\u021b\u0103\u201d.<br \/>\n<\/span><\/span><\/span><\/span><\/p>\n<p><span style=\"color: #050505;\"><span style=\"font-family: Times New Roman, serif;\"><span style=\"font-size: large;\"><span lang=\"ro-RO\">Succes micilor fotbali\u0219ti!<br \/>\n<\/span><\/span><\/span><\/span><\/p>\n\n\t\t<\/div>\n\t<\/div>\n<\/div><\/div><\/div><\/div><div class=\"vc_row wpb_row vc_row-fluid dt-default\" style=\"margin-top: 0px;margin-bottom: 0px\"><div class=\"wpb_column vc_column_container vc_col-sm-12\"><div class=\"vc_column-inner\"><div class=\"wpb_wrapper\">\n<div class=\"vc_grid-container-wrapper vc_clearfix vc_grid-animation-fadeIn\">\n\t<div class=\"vc_grid-container vc_clearfix wpb_content_element vc_media_grid\" data-initial-loading-animation=\"fadeIn\" data-vc-grid-settings=\"{&quot;page_id&quot;:100249,&quot;style&quot;:&quot;all&quot;,&quot;action&quot;:&quot;vc_get_vc_grid_data&quot;,&quot;shortcode_id&quot;:&quot;1777271351259-2843547fa7527dc4e0a030a1aae15bb4-2&quot;,&quot;tag&quot;:&quot;vc_media_grid&quot;}\" data-vc-request=\"https:\/\/chisinaucentru.md\/wp-admin\/admin-ajax.php\" data-vc-post-id=\"100249\" data-vc-public-nonce=\"f0f0592eb4\">\n\t\t\n\t<\/div>\n<\/div><\/div><\/div><\/div><\/div>","protected":false},"excerpt":{"rendered":"<p>Ast\u0103zi, pe terenul de sport al Liceului Teoretic \u201eMihai Viteazul\u201d, se desf\u0103\u0219oar\u0103 etapa de sector a competi\u021biei sportive organizate de Pretura sectorului Centru, reunind elevi pasiona\u021bi de fotbal din institu\u021biile de \u00eenv\u0103\u021b\u0103m\u00e2nt din sector. \u00cen debutul competi\u021biei, Pretorul sectorului Centru, Vadim H\u00eencu, a salutat cele 7 echipe participante, \u00eendemn\u00e2ndu-le s\u0103 joace cu determinare \u0219i s\u0103&hellip;<\/p>","protected":false},"author":1,"featured_media":100252,"comment_status":"open","ping_status":"open","sticky":false,"template":"","format":"standard","meta":[],"categories":[244],"tags":[],"acf":[],"_links":{"self":[{"href":"https:\/\/chisinaucentru.md\/en\/wp-json\/wp\/v2\/posts\/100249"}],"collection":[{"href":"https:\/\/chisinaucentru.md\/en\/wp-json\/wp\/v2\/posts"}],"about":[{"href":"https:\/\/chisinaucentru.md\/en\/wp-json\/wp\/v2\/types\/post"}],"author":[{"embeddable":true,"href":"https:\/\/chisinaucentru.md\/en\/wp-json\/wp\/v2\/users\/1"}],"replies":[{"embeddable":true,"href":"https:\/\/chisinaucentru.md\/en\/wp-json\/wp\/v2\/comments?post=100249"}],"version-history":[{"count":3,"href":"https:\/\/chisinaucentru.md\/en\/wp-json\/wp\/v2\/posts\/100249\/revisions"}],"predecessor-version":[{"id":100271,"href":"https:\/\/chisinaucentru.md\/en\/wp-json\/wp\/v2\/posts\/100249\/revisions\/100271"}],"wp:featuredmedia":[{"embeddable":true,"href":"https:\/\/chisinaucentru.md\/en\/wp-json\/wp\/v2\/media\/100252"}],"wp:attachment":[{"href":"https:\/\/chisinaucentru.md\/en\/wp-json\/wp\/v2\/media?parent=100249"}],"wp:term":[{"taxonomy":"category","embeddable":true,"href":"https:\/\/chisinaucentru.md\/en\/wp-json\/wp\/v2\/categories?post=100249"},{"taxonomy":"post_tag","embeddable":true,"href":"https:\/\/chisinaucentru.md\/en\/wp-json\/wp\/v2\/tags?post=100249"}],"curies":[{"name":"wp","href":"https:\/\/api.w.org\/{rel}","templated":true}]}}